{"id":612,"date":"2014-10-14T12:49:18","date_gmt":"2014-10-14T10:49:18","guid":{"rendered":"http:\/\/www.ltf.de\/?p=612"},"modified":"2014-10-14T12:49:18","modified_gmt":"2014-10-14T10:49:18","slug":"oktoberfest","status":"publish","type":"post","link":"https:\/\/www.ltf.de\/?p=612","title":{"rendered":"Oktoberfest"},"content":{"rendered":"<p><a href=\"http:\/\/www.ltf.de\/wp-content\/uploads\/2014\/10\/wolle.jpg\"><img loading=\"lazy\" decoding=\"async\" class=\"alignleft size-medium wp-image-613\" src=\"http:\/\/www.ltf.de\/wp-content\/uploads\/2014\/10\/wolle-225x300.jpg\" alt=\"wolle\" width=\"225\" height=\"300\" \/><\/a><a href=\"http:\/\/www.ltf.de\/wp-content\/uploads\/2014\/10\/damen.jpg\"><img loading=\"lazy\" decoding=\"async\" class=\"alignleft size-medium wp-image-614\" src=\"http:\/\/www.ltf.de\/wp-content\/uploads\/2014\/10\/damen-300x225.jpg\" alt=\"damen\" width=\"300\" height=\"225\" \/><\/a>Vergangenen Samstag feierten wir am Bergmannskreuz unser Lauftreff-Oktoberfest.<br \/>\nNach dem obligatorischen Stundenlauf nutzten die vielen Teilnehmer das Angebot an Essen und Getr\u00e4nken. Selbstverst\u00e4ndlich durfte neben den zahlreichen Auslagen die bayrischen Wei\u00dfw\u00fcrsten und Oktoberfestbier nicht fehlen. Es herrschte unter den Lauftrefflern eine sehr gute Stimmung, auch unsere Spitzen Athleten wie Juniorenweltmeister Sammy Schu und die Marathonmeister Tanja und J\u00f6rg Hoo\u00df waren mit dabei. Vorstandsmitglied Wolfgang Warken pr\u00e4sentierte sich als Marpinger-Urbayer mit musikalischem Spitzen(wackler)hut. Er sorgte f\u00fcr viel Spass.<\/p>\n<p>&#8222;Ehrungen&#8220;<br \/>\nEinen Tag zuvor wurde ebenfalls gefeiert. B\u00fcrgermeister Werner Laub hatte unseren<br \/>\nJunioren-Weltmeister Sammy Schu zu einem Empfang in die alte M\u00fchle eingeladen. Mit<br \/>\nw\u00fcrdigen Worten und einer besonderen Medaille ehrte er die Leistung unseres Athleten, der im Duathlon (10km Laufen-150 km Radfahren-30 km Laufen) die gesamte Weltelite, wie den Australier Matthew Balzer und den US-Amerikaner Jonathan Meek auf die Pl\u00e4tze verwies.<br \/>\nUnd weiter wurde gefeiert! Die Master-Meistermannschaft im Triathlon hatten wir zum<br \/>\ngemeinsamen Essen in die Klostersch\u00e4nke eingeladen. Alle eingesetzten Athleten waren<br \/>\nanwesend, und haben sich \u00fcber entspannte Stunden gemeinsam mit den Ehefrauen<br \/>\nbesonders gefreut. Trainer und Teamleiter Thomas Gro\u00df dankte der Vereinsf\u00fchrung f\u00fcr die nette Geste, und stellte die angenehme Bewirtung in der Klostersch\u00e4nke besonders heraus.<br \/>\n&#8222;Saarlandmeisterschaften im Berglauf&#8220;<br \/>\nDie letzte bedeutende Veranstaltung f\u00fcr dieses Jahr steht noch aus. Am jetzigen<br \/>\nSonntag werden am Schaumberg die neuen Berglaufmeister ermittelt. Klarer Favorit ist<br \/>\nTitelverteidiger Sammy Schu. Starke Konkurrenz erwartet er von LC Rehlingen und LAZ<br \/>\nSaarb\u00fccken. Wir dr\u00fccken die Daumen!<br \/>\n&#8222;Lauftreff-Freunde in Marpingen l\u00e4uft`s&#8220;<\/p>\n","protected":false},"excerpt":{"rendered":"<p>Vergangenen Samstag feierten wir am Bergmannskreuz unser Lauftreff-Oktoberfest. Nach dem obligatorischen Stundenlauf nutzten die vielen Teilnehmer das Angebot an Essen und Getr\u00e4nken. Selbstverst\u00e4ndlich durfte neben den zahlreichen Auslagen die bayrischen Wei\u00dfw\u00fcrsten und Oktoberfestbier nicht fehlen. Es herrschte unter den Lauftrefflern &hellip; <a href=\"https:\/\/www.ltf.de\/?p=612\">Weiterlesen <span class=\"meta-nav\">&rarr;<\/span><\/a><\/p>\n","protected":false},"author":1,"featured_media":0,"comment_status":"closed","ping_status":"open","sticky":false,"template":"","format":"standard","meta":{"_EventAllDay":false,"_EventTimezone":"","_EventStartDate":"","_EventEndDate":"","_EventStartDateUTC":"","_EventEndDateUTC":"","_EventShowMap":false,"_EventShowMapLink":false,"_EventURL":"","_EventCost":"","_EventCostDescription":"","_EventCurrencySymbol":"","_EventCurrencyCode":"","_EventCurrencyPosition":"","_EventDateTimeSeparator":"","_EventTimeRangeSeparator":"","_EventOrganizerID":[],"_EventVenueID":[],"_OrganizerEmail":"","_OrganizerPhone":"","_OrganizerWebsite":"","_VenueAddress":"","_VenueCity":"","_VenueCountry":"","_VenueProvince":"","_VenueState":"","_VenueZip":"","_VenuePhone":"","_VenueURL":"","_VenueStateProvince":"","_VenueLat":"","_VenueLng":"","_VenueShowMap":false,"_VenueShowMapLink":false,"footnotes":""},"categories":[1],"tags":[],"class_list":["post-612","post","type-post","status-publish","format-standard","hentry","category-allgemein"],"_links":{"self":[{"href":"https:\/\/www.ltf.de\/index.php?rest_route=\/wp\/v2\/posts\/612","targetHints":{"allow":["GET"]}}],"collection":[{"href":"https:\/\/www.ltf.de\/index.php?rest_route=\/wp\/v2\/posts"}],"about":[{"href":"https:\/\/www.ltf.de\/index.php?rest_route=\/wp\/v2\/types\/post"}],"author":[{"embeddable":true,"href":"https:\/\/www.ltf.de\/index.php?rest_route=\/wp\/v2\/users\/1"}],"replies":[{"embeddable":true,"href":"https:\/\/www.ltf.de\/index.php?rest_route=%2Fwp%2Fv2%2Fcomments&post=612"}],"version-history":[{"count":1,"href":"https:\/\/www.ltf.de\/index.php?rest_route=\/wp\/v2\/posts\/612\/revisions"}],"predecessor-version":[{"id":615,"href":"https:\/\/www.ltf.de\/index.php?rest_route=\/wp\/v2\/posts\/612\/revisions\/615"}],"wp:attachment":[{"href":"https:\/\/www.ltf.de\/index.php?rest_route=%2Fwp%2Fv2%2Fmedia&parent=612"}],"wp:term":[{"taxonomy":"category","embeddable":true,"href":"https:\/\/www.ltf.de\/index.php?rest_route=%2Fwp%2Fv2%2Fcategories&post=612"},{"taxonomy":"post_tag","embeddable":true,"href":"https:\/\/www.ltf.de\/index.php?rest_route=%2Fwp%2Fv2%2Ftags&post=612"}],"curies":[{"name":"wp","href":"https:\/\/api.w.org\/{rel}","templated":true}]}}