{"id":603,"date":"2014-09-30T11:48:30","date_gmt":"2014-09-30T09:48:30","guid":{"rendered":"http:\/\/www.ltf.de\/?p=603"},"modified":"2014-10-06T08:21:13","modified_gmt":"2014-10-06T06:21:13","slug":"sammy-schu-dritter-platz-bei-den-deutschen-berglaufmeisterschaften","status":"publish","type":"post","link":"https:\/\/www.ltf.de\/?p=603","title":{"rendered":"Sammy Schu: dritter Platz bei den deutschen Berglaufmeisterschaften"},"content":{"rendered":"<p>Mit einer Bronzemedaille kehrt unser Spitzenl\u00e4ufer Sammy Schu von den deutschen<br \/>\nMeisterschaften im Berglauf zur\u00fcck. Er konnte beim Hochfellnlauf seinen im vergangenen<br \/>\nJahr erzielten Junioren-<a href=\"http:\/\/www.ltf.de\/wp-content\/uploads\/2014\/09\/DM-14Bergen-LTF-Team.jpg\"><img loading=\"lazy\" decoding=\"async\" class=\"alignleft size-medium wp-image-607\" src=\"http:\/\/www.ltf.de\/wp-content\/uploads\/2014\/09\/DM-14Bergen-LTF-Team-300x200.jpg\" alt=\"DM 14Bergen LTF-Team\" width=\"300\" height=\"200\" \/><\/a>Titel nicht verteidigen, mit Platz drei war Sammy aber hochzufrieden.<br \/>\nEr ben\u00f6tigte f\u00fcr die 8,9 km, H\u00f6henunterschied 1074! m, 48:15 min.<br \/>\nMutter Anne und Vater Markus waren ebenfalls am Start und zeigten gute Leistungen.<br \/>\nAnne belegte in ihrer Altersklasse W-45 den ausgezeichneten 5. Platz (1:08:14 Std.) und<br \/>\nMarkus erk\u00e4mpfte sich in der M-45 die 19. Position (1:06:15 Std.). Markus Wagner war in<br \/>\nder gleichen Klasse etwas schneller und lief in 59:48 min. noch unter einer Stunde als 14.<br \/>\n\u00fcber die Ziellinie.<br \/>\nHerzlichen Gl\u00fcckwunsch!<\/p>\n","protected":false},"excerpt":{"rendered":"<p>Mit einer Bronzemedaille kehrt unser Spitzenl\u00e4ufer Sammy Schu von den deutschen Meisterschaften im Berglauf zur\u00fcck. Er konnte beim Hochfellnlauf seinen im vergangenen Jahr erzielten Junioren-Titel nicht verteidigen, mit Platz drei war Sammy aber hochzufrieden. Er ben\u00f6tigte f\u00fcr die 8,9 km, &hellip; <a href=\"https:\/\/www.ltf.de\/?p=603\">Weiterlesen <span class=\"meta-nav\">&rarr;<\/span><\/a><\/p>\n","protected":false},"author":1,"featured_media":0,"comment_status":"closed","ping_status":"open","sticky":false,"template":"","format":"standard","meta":{"_EventAllDay":false,"_EventTimezone":"","_EventStartDate":"","_EventEndDate":"","_EventStartDateUTC":"","_EventEndDateUTC":"","_EventShowMap":false,"_EventShowMapLink":false,"_EventURL":"","_EventCost":"","_EventCostDescription":"","_EventCurrencySymbol":"","_EventCurrencyCode":"","_EventCurrencyPosition":"","_EventDateTimeSeparator":"","_EventTimeRangeSeparator":"","_EventOrganizerID":[],"_EventVenueID":[],"_OrganizerEmail":"","_OrganizerPhone":"","_OrganizerWebsite":"","_VenueAddress":"","_VenueCity":"","_VenueCountry":"","_VenueProvince":"","_VenueState":"","_VenueZip":"","_VenuePhone":"","_VenueURL":"","_VenueStateProvince":"","_VenueLat":"","_VenueLng":"","_VenueShowMap":false,"_VenueShowMapLink":false,"footnotes":""},"categories":[1],"tags":[],"class_list":["post-603","post","type-post","status-publish","format-standard","hentry","category-allgemein"],"_links":{"self":[{"href":"https:\/\/www.ltf.de\/index.php?rest_route=\/wp\/v2\/posts\/603","targetHints":{"allow":["GET"]}}],"collection":[{"href":"https:\/\/www.ltf.de\/index.php?rest_route=\/wp\/v2\/posts"}],"about":[{"href":"https:\/\/www.ltf.de\/index.php?rest_route=\/wp\/v2\/types\/post"}],"author":[{"embeddable":true,"href":"https:\/\/www.ltf.de\/index.php?rest_route=\/wp\/v2\/users\/1"}],"replies":[{"embeddable":true,"href":"https:\/\/www.ltf.de\/index.php?rest_route=%2Fwp%2Fv2%2Fcomments&post=603"}],"version-history":[{"count":3,"href":"https:\/\/www.ltf.de\/index.php?rest_route=\/wp\/v2\/posts\/603\/revisions"}],"predecessor-version":[{"id":610,"href":"https:\/\/www.ltf.de\/index.php?rest_route=\/wp\/v2\/posts\/603\/revisions\/610"}],"wp:attachment":[{"href":"https:\/\/www.ltf.de\/index.php?rest_route=%2Fwp%2Fv2%2Fmedia&parent=603"}],"wp:term":[{"taxonomy":"category","embeddable":true,"href":"https:\/\/www.ltf.de\/index.php?rest_route=%2Fwp%2Fv2%2Fcategories&post=603"},{"taxonomy":"post_tag","embeddable":true,"href":"https:\/\/www.ltf.de\/index.php?rest_route=%2Fwp%2Fv2%2Ftags&post=603"}],"curies":[{"name":"wp","href":"https:\/\/api.w.org\/{rel}","templated":true}]}}