{"id":5624,"date":"2026-04-28T15:55:55","date_gmt":"2026-04-28T13:55:55","guid":{"rendered":"https:\/\/www.ltf.de\/?p=5624"},"modified":"2026-04-28T15:56:33","modified_gmt":"2026-04-28T13:56:33","slug":"st-wendel-marathon-2","status":"publish","type":"post","link":"https:\/\/www.ltf.de\/?p=5624","title":{"rendered":"St. Wendel-Marathon"},"content":{"rendered":"\n<p>Welch ein L\u00e4ufertag! 3000 L\u00e4uferinnen und L\u00e4ufer, Hunderte von Zuschauern<br>im Start\/Zielbereich und Bahnhofstra\u00dfe. Auf dem Schlossplatz gab es kaum ei<br>Durchkommen. Rundum, eine TOP-Veranstaltung.<br>Seit Corona waren es die meisten Teilnehmerinnen und Teilnehmer. Mit dazu<br>beigetragen hat auch das fr\u00fchlingshafte Wetter-Sonnenschein von Beginn bis<br>Ende.<br>Der sportliche Ablauf lag in den H\u00e4nden von Rennleiter Heinz Wirth, sowie<br>seinen Bereichsleitern Peter Alles und Wolfgang Warken. Mit den weiteren 30<br>Helferinnen und Helfer unseres Vereins, und den beteiligten<br>nordsaarl\u00e4ndischen Laufvereinen hatten sie alles im Griff. Sie trugen<br>wesentliches zum absolut gelungen Ablauf bei.<br>Mit SWR-Sportmoderator Marcel Fehr, sowie Ko-Moderator Fips Wagner,<br>wurden die vielen Zuschauerinnen und Zuschauer bestens informiert und auch<br>unterhalten. Fast alle Finisher wurden von Beiden namentlich erw\u00e4hnt und im<br>Ziel begr\u00fc\u00dft.<br>Besonders gefreut hat uns, dass Johanna Recktenwald (Para-Olympia-Bronze-<br>Biathlon) anwesend war und durch ihr Mitwirken der Laufveranstaltung eine<br>besondere Note gab.<br>Im Namen des Vereins bedanken wir uns bei allen eingesetzten Helferinnen<br>und Helfern, denn ohne eure ehrenamtliche Hilfe w\u00e4re eine solche<br>Gro\u00dfveranstaltung nicht m\u00f6glich.<br>Weiterer Bericht mit Bildern folgt in der n\u00e4chsten Ausgabe.<br><br><strong>5 km-Lauf<\/strong><br>Wettkampfm\u00e4\u00dfig erzielte \u00fcber die 5kmDistanz Vincent Warschburger ein super<br>Ergebnis. In 24:24 min. erreichte er als 12-j\u00e4hriger das Ziel und belegte im<br>Gesamtfeld von 333 L\u00e4uferinnen und L\u00e4ufern den ausgezeichneten 19. Rang.<br>Beim \u201eF\u00fcnfer\u201c gab es keine Altersklassenwertung, nur Gesamteinlauf.<br><br><strong>Jana Hoo\u00df l\u00e4uft ersten Marathon<\/strong><br>Zeitgleich mit dem Globus-Marathon fand der Hamburg-Marathon statt.<br>Jana Hoo\u00df startete in Begleitung ihres Vaters J\u00f6rg Hoo\u00df \u00fcber die 42,195 km-<br>Distanz, und zeigte in ihrem ersten Marathon eine glanzvolle Leistung. Mit sehr<br>guten 3:22.12 Std. erreichte sie mit ihrem Vater \u00fcbergl\u00fccklich das Ziel.<br>F\u00fcr sie und auch f\u00fcr J\u00f6rg war es ein unbeschreibliches Gef\u00fchl miteinander<br>einen Marathon gelaufen zu sein.<br>Mit dieser guten Zeit wird Jana sicherlich am Jahresende in der saarl\u00e4ndischen<br>Bestenliste auftauchen.<br>Herzlichen Gl\u00fcckwunsch an Jana und Wegbegleiter J\u00f6rg!<br>\u00dcbrigens: Fast auf den Tag genau vor 35 Jahren hat J\u00f6rg in Hamburg ebenfalls<br>seinen \u201eErsten\u201c gelaufen.<br><br><strong>Bostalseelauf<\/strong><br>Am kommenden Sonntag starten wir den traditionellen 97. Bostalseelauf.<br>Wie schon in der Vergangenheit praktiziert, legen um 08:00 Uhr am<br>Bergmannskreuz die Nordic-Walker los, ihnen folgen um 09:00 Uhr die<br>L\u00e4uferinnen und L\u00e4ufer.<br>Weitere LTF&#8217;ler nutzen die Umrundung des Bostalsees, und nach Duschen und Wanderung treffen wir uns um 12:00 Uhr beim Mittagessen und gem\u00fctlichen Beisammensein im Hotel Merker in Bosen. In allen m\u00f6glichen Kategorien werde Pr\u00fcfungen DLV-Lauf\/Walkingabzeichen vorgenommen. <br><strong>\u201eLauftreff-Freunde in Marpingen l\u00e4ufts\u201c<\/strong><br><\/p>\n","protected":false},"excerpt":{"rendered":"<p>Welch ein L\u00e4ufertag! 3000 L\u00e4uferinnen und L\u00e4ufer, Hunderte von Zuschauernim Start\/Zielbereich und Bahnhofstra\u00dfe. Auf dem Schlossplatz gab es kaum eiDurchkommen. Rundum, eine TOP-Veranstaltung.Seit Corona waren es die meisten Teilnehmerinnen und Teilnehmer. Mit dazubeigetragen hat auch das fr\u00fchlingshafte Wetter-Sonnenschein von Beginn &hellip; <a href=\"https:\/\/www.ltf.de\/?p=5624\">Weiterlesen <span class=\"meta-nav\">&rarr;<\/span><\/a><\/p>\n","protected":false},"author":1,"featured_media":0,"comment_status":"closed","ping_status":"closed","sticky":false,"template":"","format":"standard","meta":{"_EventAllDay":false,"_EventTimezone":"","_EventStartDate":"","_EventEndDate":"","_EventStartDateUTC":"","_EventEndDateUTC":"","_EventShowMap":false,"_EventShowMapLink":false,"_EventURL":"","_EventCost":"","_EventCostDescription":"","_EventCurrencySymbol":"","_EventCurrencyCode":"","_EventCurrencyPosition":"","_EventDateTimeSeparator":"","_EventTimeRangeSeparator":"","_EventOrganizerID":[],"_EventVenueID":[],"_OrganizerEmail":"","_OrganizerPhone":"","_OrganizerWebsite":"","_VenueAddress":"","_VenueCity":"","_VenueCountry":"","_VenueProvince":"","_VenueState":"","_VenueZip":"","_VenuePhone":"","_VenueURL":"","_VenueStateProvince":"","_VenueLat":"","_VenueLng":"","_VenueShowMap":false,"_VenueShowMapLink":false,"footnotes":""},"categories":[1],"tags":[],"class_list":["post-5624","post","type-post","status-publish","format-standard","hentry","category-allgemein"],"_links":{"self":[{"href":"https:\/\/www.ltf.de\/index.php?rest_route=\/wp\/v2\/posts\/5624","targetHints":{"allow":["GET"]}}],"collection":[{"href":"https:\/\/www.ltf.de\/index.php?rest_route=\/wp\/v2\/posts"}],"about":[{"href":"https:\/\/www.ltf.de\/index.php?rest_route=\/wp\/v2\/types\/post"}],"author":[{"embeddable":true,"href":"https:\/\/www.ltf.de\/index.php?rest_route=\/wp\/v2\/users\/1"}],"replies":[{"embeddable":true,"href":"https:\/\/www.ltf.de\/index.php?rest_route=%2Fwp%2Fv2%2Fcomments&post=5624"}],"version-history":[{"count":2,"href":"https:\/\/www.ltf.de\/index.php?rest_route=\/wp\/v2\/posts\/5624\/revisions"}],"predecessor-version":[{"id":5626,"href":"https:\/\/www.ltf.de\/index.php?rest_route=\/wp\/v2\/posts\/5624\/revisions\/5626"}],"wp:attachment":[{"href":"https:\/\/www.ltf.de\/index.php?rest_route=%2Fwp%2Fv2%2Fmedia&parent=5624"}],"wp:term":[{"taxonomy":"category","embeddable":true,"href":"https:\/\/www.ltf.de\/index.php?rest_route=%2Fwp%2Fv2%2Fcategories&post=5624"},{"taxonomy":"post_tag","embeddable":true,"href":"https:\/\/www.ltf.de\/index.php?rest_route=%2Fwp%2Fv2%2Ftags&post=5624"}],"curies":[{"name":"wp","href":"https:\/\/api.w.org\/{rel}","templated":true}]}}