{"id":1006,"date":"2017-05-04T08:53:14","date_gmt":"2017-05-04T06:53:14","guid":{"rendered":"http:\/\/www.ltf.de\/?p=1006"},"modified":"2017-05-04T08:53:14","modified_gmt":"2017-05-04T06:53:14","slug":"1006","status":"publish","type":"post","link":"https:\/\/www.ltf.de\/?p=1006","title":{"rendered":""},"content":{"rendered":"<p><strong>\u201eGlobus-Marathon in St. Wendel\u201c<br \/>\n<\/strong>Wie in den vergangenen Jahren war der Globus-Marathon eine Superveranstaltung. Organisatorisch hat alles hervorragend funktioniert. Die eifrigen Helferinnen und Helfer sorgten f\u00fcr einen reibungslosen Ablauf. Wir danken allen eingesetzten Kr\u00e4ften f\u00fcr ihr ehrenamtliches Engagement.<br \/>\nZum Sportlichen: Unser Spitzenl\u00e4ufer Sammy Schu belegte mit seinem Lauffreund Dennis Baus aus Wustweiler in 2:49:12 Stunden den zweiten Platz. Sammy ist in der Vorbereitung f\u00fcr die Europameisterschaften im Powerman, die\u00a0 am 21. Mai ebenfalls in St. Wendel stattfinden. Somit diente f\u00fcr ihn der Marathon als Vorbereitungslauf. Neben den vielen Helfern aus unserem Verein, waren auch einige L\u00e4uferinnen und L\u00e4ufer am Start.<\/p>\n<p>Die einzelnen Ergebnisse:<br \/>\n<strong>Marathon:<br \/>\n<\/strong>Michael Rothfuchs\u00a0 2:52:36 Std., 2. Platz M-40<br \/>\nAndreas Aldekamp\u00a0 2:56:13 Std., 1. Platz M-45<br \/>\nMarkus Wagner\u00a0\u00a0\u00a0\u00a0\u00a0\u00a0 3:11:01 Std., 4. Platz M-45<br \/>\nTanja Hoo\u00df\u00a0\u00a0\u00a0\u00a0\u00a0\u00a0\u00a0\u00a0\u00a0\u00a0\u00a0\u00a0\u00a0 3:14:50 Std., 1. Platz W-50<br \/>\nGernot Helferich\u00a0\u00a0\u00a0\u00a0 3:14:50 Std.,\u00a0 5. Platz M-45<br \/>\nStefan Feller\u00a0\u00a0\u00a0\u00a0\u00a0\u00a0\u00a0\u00a0\u00a0 3:56:23 Std., 17. Platz M-45<br \/>\nHans-J\u00f6rg Fries\u00a0\u00a0\u00a0\u00a0\u00a0\u00a0 4:29:59 Std., 16. Platz M-50<\/p>\n<p><strong>Halbmarathon:<br \/>\n<\/strong>Stefan D\u00f6rrenb\u00e4cher 1:32:14 Std., 1. Platz M-55<br \/>\nPeter Kapitza\u00a0\u00a0\u00a0\u00a0\u00a0\u00a0\u00a0\u00a0\u00a0\u00a0\u00a0 1:35:09 Std., 6. Platz M-45<br \/>\nOliver Gregorius\u00a0\u00a0\u00a0\u00a0\u00a0\u00a0 1:50:35 Std., 46. Platz M-35<br \/>\nNicole Kapitza\u00a0\u00a0\u00a0\u00a0\u00a0\u00a0\u00a0\u00a0\u00a0 1:53:00 Std.,\u00a0\u00a0 7. Platz W-45<br \/>\nNadine Gregorius\u00a0\u00a0\u00a0\u00a0 3:05:13 Std., 30. Platz W-35<\/p>\n<p><strong>10 Kilometer:<br \/>\n<\/strong>David Bernardon\u00a0\u00a0\u00a0 45:54 min., 1. Platz M-35<br \/>\nRoland Bernardon\u00a0 53:00 min., 2. Platz M-65<br \/>\nAnja Warschburger 56:06 min.,3. Platz W-45<br \/>\nHans-Gerd Sch\u00e4fer 56:06 min., 8. Platz M-60<br \/>\nDetlef Stemmler\u00a0\u00a0\u00a0\u00a0\u00a0 58:14 min.,13. Platz M-50<\/p>\n<p><strong>\u201e80. Lauf zum Bostalsee\u201c<br \/>\n<\/strong>Am Sonntag veranstalten wir unseren 80. Lauf zum Bostalsee. Um 08:00 Uhr starten die Nordic-Walker am Bergmannskreuz Richtung Bostalsee. Ihnen folgen um 09:00 Uhr die L\u00e4ufer. Der Bostalseelauf dient gleichzeitig der DLV- Pr\u00fcfung \u201eLaufen \u00fcber 2 Stunden\u201c<br \/>\nNicht nur auf der langen Strecke, sondern auch Einstiege in Oberthal, oder laufen und wandern um den See sind im Angebot. Einige Ausdauersportler sind auch mit dem Fahrrad unterwegs. Dusche und Umkleide stehen uns in der Campinganlage zur Verf\u00fcgung. Anschlie\u00dfender Treffpunkt zum Mittagessen ist die Bostalklause.<\/p>\n<p><strong>\u201eVerlegung Lauftreff\u201c<br \/>\n<\/strong>Der Samstaglauftreff am\u00a0 6. Mai wird wegen einer Reitveranstaltung auf die \u201eKuppe\u201c Parkplatz zwischen Marpingen und Urexweiler verlegt.<\/p>\n<p><strong>\u201eFreundschaftslauf in Quierschied\u201c<br \/>\n<\/strong>Unsere Quierschder Lauffreunde veranstalten am morgigen Samstag ihren diesj\u00e4hrigen Freundschaftslauf. Beginn: 15:00 Uhr an der Jahnsporthalle.<br \/>\nAuch hier wollen wir mit einer starken Gruppe vertreten sein.<\/p>\n<p><strong>\u201eVeranstaltung mit Bitburger o,0\u201c<br \/>\n<\/strong>Am Mittwoch, 10. Mai, kommt wieder die Firma Bitburger und bietet nach dem Lauftreff die antialkoholischen Getr\u00e4nke Bitburger o,0 kostenfrei an. Hierzu sind alle L\u00e4uferinnen und L\u00e4ufer, Wanderer und Nordic-Walker herzlich eingeladen.<br \/>\nAuch Nichtmitglieder sind bei dem nichtalkoholischen Umtrunk gerne Willkommen.<br \/>\n<strong>\u201eLauftreff-Freunde in Marpingen l\u00e4uft`s\u201c<\/strong><\/p>\n","protected":false},"excerpt":{"rendered":"<p>\u201eGlobus-Marathon in St. Wendel\u201c Wie in den vergangenen Jahren war der Globus-Marathon eine Superveranstaltung. Organisatorisch hat alles hervorragend funktioniert. Die eifrigen Helferinnen und Helfer sorgten f\u00fcr einen reibungslosen Ablauf. Wir danken allen eingesetzten Kr\u00e4ften f\u00fcr ihr ehrenamtliches Engagement. Zum Sportlichen: &hellip; <a href=\"https:\/\/www.ltf.de\/?p=1006\">Weiterlesen <span class=\"meta-nav\">&rarr;<\/span><\/a><\/p>\n","protected":false},"author":1,"featured_media":0,"comment_status":"closed","ping_status":"closed","sticky":false,"template":"","format":"standard","meta":{"_EventAllDay":false,"_EventTimezone":"","_EventStartDate":"","_EventEndDate":"","_EventStartDateUTC":"","_EventEndDateUTC":"","_EventShowMap":false,"_EventShowMapLink":false,"_EventURL":"","_EventCost":"","_EventCostDescription":"","_EventCurrencySymbol":"","_EventCurrencyCode":"","_EventCurrencyPosition":"","_EventDateTimeSeparator":"","_EventTimeRangeSeparator":"","_EventOrganizerID":[],"_EventVenueID":[],"_OrganizerEmail":"","_OrganizerPhone":"","_OrganizerWebsite":"","_VenueAddress":"","_VenueCity":"","_VenueCountry":"","_VenueProvince":"","_VenueState":"","_VenueZip":"","_VenuePhone":"","_VenueURL":"","_VenueStateProvince":"","_VenueLat":"","_VenueLng":"","_VenueShowMap":false,"_VenueShowMapLink":false,"footnotes":""},"categories":[1],"tags":[],"class_list":["post-1006","post","type-post","status-publish","format-standard","hentry","category-allgemein"],"_links":{"self":[{"href":"https:\/\/www.ltf.de\/index.php?rest_route=\/wp\/v2\/posts\/1006","targetHints":{"allow":["GET"]}}],"collection":[{"href":"https:\/\/www.ltf.de\/index.php?rest_route=\/wp\/v2\/posts"}],"about":[{"href":"https:\/\/www.ltf.de\/index.php?rest_route=\/wp\/v2\/types\/post"}],"author":[{"embeddable":true,"href":"https:\/\/www.ltf.de\/index.php?rest_route=\/wp\/v2\/users\/1"}],"replies":[{"embeddable":true,"href":"https:\/\/www.ltf.de\/index.php?rest_route=%2Fwp%2Fv2%2Fcomments&post=1006"}],"version-history":[{"count":2,"href":"https:\/\/www.ltf.de\/index.php?rest_route=\/wp\/v2\/posts\/1006\/revisions"}],"predecessor-version":[{"id":1008,"href":"https:\/\/www.ltf.de\/index.php?rest_route=\/wp\/v2\/posts\/1006\/revisions\/1008"}],"wp:attachment":[{"href":"https:\/\/www.ltf.de\/index.php?rest_route=%2Fwp%2Fv2%2Fmedia&parent=1006"}],"wp:term":[{"taxonomy":"category","embeddable":true,"href":"https:\/\/www.ltf.de\/index.php?rest_route=%2Fwp%2Fv2%2Fcategories&post=1006"},{"taxonomy":"post_tag","embeddable":true,"href":"https:\/\/www.ltf.de\/index.php?rest_route=%2Fwp%2Fv2%2Ftags&post=1006"}],"curies":[{"name":"wp","href":"https:\/\/api.w.org\/{rel}","templated":true}]}}